{"id":2090,"date":"2014-02-05T18:18:28","date_gmt":"2014-02-05T17:18:28","guid":{"rendered":"http:\/\/www.taxiblog-dresden.de\/?p=2090"},"modified":"2014-02-05T18:21:02","modified_gmt":"2014-02-05T17:21:02","slug":"berlintuerk","status":"publish","type":"post","link":"http:\/\/www.taxiblog-dresden.de\/?p=2090","title":{"rendered":"Berlint\u00fcrk"},"content":{"rendered":"<p>Da kommt nun der t\u00fcrkische Ministerpr\u00e4sident nach Berlin, f\u00fchrt sich wie eine zickige Diva auf, die das ganze Protokoll mit einem Wimpernzucken durcheinanderbringt und fordert, Deutschland solle sich doch mehr ins Zeug legen, um die T\u00fcrkei in die EU zu bringen. Schlie\u00dflich w\u00fcrden ja in Deutschland mehr T\u00fcrken leben als manche EU-Staaten Einwohner h\u00e4tten. Stellt sich nat\u00fcrlich die Frage, warum hier so viele leben. Spontan w\u00fcrde ich sagen: &#8222;Weil sie die deutsche Kultur lieben und sich assimilieren wollen.&#8220; Aber ich denke, da h\u00e4tte gerade der Herr Erdogan etwas dagegen. Dann bleibt wohl nur noch ein Grund daf\u00fcr \u00fcbrig: Weil die T\u00fcrkei ihre B\u00fcrger gar nicht alle ern\u00e4hren kann! Wie w\u00e4r\u00b4s dann vielleicht mit einer kleinen Reform in der T\u00fcrkei? Nat\u00fcrlich nur eine wirklich klitzekleine.<\/p>\n<p>B\u00fc\u00fcttte!\u00a0 *blinzel* *bettel*<\/p>\n","protected":false},"excerpt":{"rendered":"<p>Da kommt nun der t\u00fcrkische Ministerpr\u00e4sident nach Berlin, f\u00fchrt sich wie eine zickige Diva auf, die das ganze Protokoll mit einem Wimpernzucken durcheinanderbringt und fordert, Deutschland solle sich doch mehr ins Zeug legen, um die T\u00fcrkei in die EU zu &hellip; <a href=\"http:\/\/www.taxiblog-dresden.de\/?p=2090\">Weiterlesen <span class=\"meta-nav\">&rarr;<\/span><\/a><\/p>\n","protected":false},"author":3,"featured_media":0,"comment_status":"open","ping_status":"open","sticky":false,"template":"","format":"standard","meta":{"footnotes":""},"categories":[128,4,6,8],"tags":[236,351],"class_list":["post-2090","post","type-post","status-publish","format-standard","hentry","category-finanzen","category-kultur","category-politik","category-regionales-und-lokales","tag-deutsch","tag-tuerkei"],"_links":{"self":[{"href":"http:\/\/www.taxiblog-dresden.de\/index.php?rest_route=\/wp\/v2\/posts\/2090","targetHints":{"allow":["GET"]}}],"collection":[{"href":"http:\/\/www.taxiblog-dresden.de\/index.php?rest_route=\/wp\/v2\/posts"}],"about":[{"href":"http:\/\/www.taxiblog-dresden.de\/index.php?rest_route=\/wp\/v2\/types\/post"}],"author":[{"embeddable":true,"href":"http:\/\/www.taxiblog-dresden.de\/index.php?rest_route=\/wp\/v2\/users\/3"}],"replies":[{"embeddable":true,"href":"http:\/\/www.taxiblog-dresden.de\/index.php?rest_route=%2Fwp%2Fv2%2Fcomments&post=2090"}],"version-history":[{"count":2,"href":"http:\/\/www.taxiblog-dresden.de\/index.php?rest_route=\/wp\/v2\/posts\/2090\/revisions"}],"predecessor-version":[{"id":2092,"href":"http:\/\/www.taxiblog-dresden.de\/index.php?rest_route=\/wp\/v2\/posts\/2090\/revisions\/2092"}],"wp:attachment":[{"href":"http:\/\/www.taxiblog-dresden.de\/index.php?rest_route=%2Fwp%2Fv2%2Fmedia&parent=2090"}],"wp:term":[{"taxonomy":"category","embeddable":true,"href":"http:\/\/www.taxiblog-dresden.de\/index.php?rest_route=%2Fwp%2Fv2%2Fcategories&post=2090"},{"taxonomy":"post_tag","embeddable":true,"href":"http:\/\/www.taxiblog-dresden.de\/index.php?rest_route=%2Fwp%2Fv2%2Ftags&post=2090"}],"curies":[{"name":"wp","href":"https:\/\/api.w.org\/{rel}","templated":true}]}}