{"id":2247,"date":"2014-05-26T22:40:31","date_gmt":"2014-05-26T20:40:31","guid":{"rendered":"http:\/\/www.taxiblog-dresden.de\/?p=2247"},"modified":"2014-05-30T23:27:55","modified_gmt":"2014-05-30T21:27:55","slug":"2247","status":"publish","type":"post","link":"http:\/\/www.taxiblog-dresden.de\/?p=2247","title":{"rendered":"Haute Volee"},"content":{"rendered":"<p>Der Zufall wollte es, da\u00df ich heute schon am fr\u00fchen Vormittag am THP \u00b4Kempinski\u00b4 &#8222;aufschlug&#8220;. Irgendwie war heute aber alles anders als an den letzten Tagen. Unser Taxihalteplatz war komplett besetzt von Porsches der verschiedensten Ausf\u00fchrungen. Ein Treffen irgendeines Porsche-Clubs war auszuschlie\u00dfen, denn alle hatten eine Stuttgarter Nummer und die Fahrer waren mehrheitlich &#8211; Japaner! Auf Nachfrage in der Zentrale nach WIE, WARUM und WIE LANGE wu\u00dfte man dort keine Antwort. Das hie\u00df: Die Sache war nicht angemeldet, bei unserer Zentrale nicht und wahrscheinlich auch nicht beim Ordnungsamt wegen Sondernutzung \u00f6ffentlichen Verkehrsraumes.<br \/>\nMein Gott: Jaaaa! Ich verstehe es ja: Wenn man Porsche fahren will, mu\u00df man sich so profane Kosten wie z.B. Sondernutzungsgeb\u00fchren sparen. Alles kann man ja schlie\u00dflich nicht finanzieren!<br \/>\nIch war ja auch kulant! Ich habe einen jungen Mann, der dort mit ganz wichtigem Anstecker durch die Kante lief, nach der offiziellen Abmeldung des Taxistandes f\u00fcr die Dauer des &#8222;Events&#8220;(ein herrliches Wort, und so sinnlos!) gefragt und bekam eine Antwort, die mich entsetzte. Bei Aktivit\u00e4ten mit Porsche denkt man doch schlie\u00dflich an Dinge mit ganz hohem intellektuellen Anspruch&#8230; Und was kommt: Ein Spruch, wie er profaner \u00fcberhaupt nicht sein kann!<br \/>\n&#8222;Wir sind in ein paar Minuten weg&#8220;! &#8211; Man stelle sich mal vor: Ich &#8211; ja wirklich ich mit Plattf\u00fc\u00dfen und Bierbauch &#8211; latsche in\u00b4s B\u00fcro dieses \u00b4Eventmanagers\u00b4, setze mich unter massivem Hyperventilieren seiner Sekret\u00e4rin an seinen Schreibtisch und werfe ihr nur schlicht die Worte zu: &#8222;Ich bin gleich wieder weg. Ich mu\u00df nur schnell ein Fax senden!&#8220; Ist das nicht absolut geil?! So geht Wirtschaft! Eines war allerdings korrekt: Die Porsches waren tats\u00e4chlich noch w\u00e4hrend meines Aufenthaltes weg. Anwesend blieb nur eine einzige &#8211; aber wichtige &#8211; Frage:<\/p>\n<p>Mu\u00df man Porsche fahren?!<\/p>\n","protected":false},"excerpt":{"rendered":"<p>Der Zufall wollte es, da\u00df ich heute schon am fr\u00fchen Vormittag am THP \u00b4Kempinski\u00b4 &#8222;aufschlug&#8220;. Irgendwie war heute aber alles anders als an den letzten Tagen. Unser Taxihalteplatz war komplett besetzt von Porsches der verschiedensten Ausf\u00fchrungen. Ein Treffen irgendeines Porsche-Clubs &hellip; <a href=\"http:\/\/www.taxiblog-dresden.de\/?p=2247\">Weiterlesen <span class=\"meta-nav\">&rarr;<\/span><\/a><\/p>\n","protected":false},"author":3,"featured_media":0,"comment_status":"open","ping_status":"open","sticky":false,"template":"","format":"standard","meta":{"footnotes":""},"categories":[43,76,3],"tags":[85,382,383],"class_list":["post-2247","post","type-post","status-publish","format-standard","hentry","category-fahrzeugtechnik","category-handel","category-taxi","tag-dresden","tag-haute-volee","tag-porsche"],"_links":{"self":[{"href":"http:\/\/www.taxiblog-dresden.de\/index.php?rest_route=\/wp\/v2\/posts\/2247","targetHints":{"allow":["GET"]}}],"collection":[{"href":"http:\/\/www.taxiblog-dresden.de\/index.php?rest_route=\/wp\/v2\/posts"}],"about":[{"href":"http:\/\/www.taxiblog-dresden.de\/index.php?rest_route=\/wp\/v2\/types\/post"}],"author":[{"embeddable":true,"href":"http:\/\/www.taxiblog-dresden.de\/index.php?rest_route=\/wp\/v2\/users\/3"}],"replies":[{"embeddable":true,"href":"http:\/\/www.taxiblog-dresden.de\/index.php?rest_route=%2Fwp%2Fv2%2Fcomments&post=2247"}],"version-history":[{"count":3,"href":"http:\/\/www.taxiblog-dresden.de\/index.php?rest_route=\/wp\/v2\/posts\/2247\/revisions"}],"predecessor-version":[{"id":2253,"href":"http:\/\/www.taxiblog-dresden.de\/index.php?rest_route=\/wp\/v2\/posts\/2247\/revisions\/2253"}],"wp:attachment":[{"href":"http:\/\/www.taxiblog-dresden.de\/index.php?rest_route=%2Fwp%2Fv2%2Fmedia&parent=2247"}],"wp:term":[{"taxonomy":"category","embeddable":true,"href":"http:\/\/www.taxiblog-dresden.de\/index.php?rest_route=%2Fwp%2Fv2%2Fcategories&post=2247"},{"taxonomy":"post_tag","embeddable":true,"href":"http:\/\/www.taxiblog-dresden.de\/index.php?rest_route=%2Fwp%2Fv2%2Ftags&post=2247"}],"curies":[{"name":"wp","href":"https:\/\/api.w.org\/{rel}","templated":true}]}}