{"id":2304,"date":"2014-06-25T19:27:59","date_gmt":"2014-06-25T17:27:59","guid":{"rendered":"http:\/\/www.taxiblog-dresden.de\/?p=2304"},"modified":"2014-06-25T19:27:59","modified_gmt":"2014-06-25T17:27:59","slug":"auf-hoherm-see","status":"publish","type":"post","link":"http:\/\/www.taxiblog-dresden.de\/?p=2304","title":{"rendered":"Auf hoher(m) See"},"content":{"rendered":"<p>Wer mich in dieser Woche noch nicht auf Dresdens Stra\u00dfen gesehen hat, mu\u00df sich keine Gedanken machen, denn dort bin ich tats\u00e4chlich nicht. Ich kann zwar nicht in den Urlaub fliegen, wie es so mancher schafft, der seinen Angaben zufolge auch kein Geld hat, aber mit dem Auto an den Plauer See &#8211; das geht noch.<br \/>\nNicht umsonst haben wir uns eine Urlaubsunterkunft gesucht, bei der die Benutzung eines Ruderbootes inklusive ist. Nicht, da\u00df ich eine Vorliebe f\u00fcr\u00b4s Rudern h\u00e4tte, aber schlie\u00dflich habe ich mir ja schnell noch einen elektrischen Au\u00dfenborder geg\u00f6nnt.<br \/>\nHeute nun war wetterm\u00e4\u00dfig der erste Tag seit Sonnabend, wo man rausfahren konnte. Die Sache war so eine Art Jungfernfahrt &#8211; f\u00fcr den Au\u00dfenborder und f\u00fcr meine Erfahrungen damit. Ich kann voller Befriedigung sagen: Entjungfert! Ich h\u00e4tte gar nicht gedacht, da\u00df man mit einer relativ kleinen Batterie(55Ah) \u00fcber 3 Stunden fahren kann und immer noch Reserven hat. Der Motor hat eine LED-Kapazit\u00e4tsanzeige von 1 bis 10, von denen am Ende der Fahrt nur die 9 und 10 erloschen waren und die 8 blinkte. Alle Achtung f\u00fcr diesen sparsamen Vortrieb, das h\u00e4tte ich nicht gedacht. Dabei hatten wir die letzte halbe Stunde mit &#8222;Vollgas&#8220; zur\u00fcckgelegt, weil sich ein Regenfeld n\u00e4herte. Zum Gl\u00fcck zog das aber ab und so machten wir noch schnell eine n\u00e4chste &#8222;Vollgastour&#8220; zum gegen\u00fcberliegenden Ufer. Auf dem Weg dorthin h\u00f6rten wir dann Polizei und\/oder Feuerwehrsirenen, die erstaunlicherweise direkt in unsere Richtung zu fahren schienen. &#8211; Das war dann auch tats\u00e4chlich so! Am Rande der relativ schmalen Stra\u00dfe in unserem Urlaubsort baute sich ein Sammelsurium von 5 Polizei- und Feuerwehrfahrzeugen auf. Etwas sp\u00e4ter tauchte auch noch ein Boot der Wasserschutzpolizei auf. Das Ganze schien recht mysteri\u00f6s&#8230; , aber Erleuchtung nahte:<br \/>\nNachdem wir n\u00e4mlich mit voller Kraft das heimische Ufer erreicht hatten und der Regen noch weit genug weg war, wollte meine Frau unbedingt den Rest des Weges rudern. Gesagt, getan und ab ging\u00b4s per Muskelkraft. Merkw\u00fcrdig war wenig sp\u00e4ter nur eins: Unsere wei\u00df Gott sehr kleine Bugwelle schillerte in allen Regenbogenfarben! Mit der Nase knapp \u00fcber der Wasseroberfl\u00e4che glaubte ich dann einen Anflug von Alt\u00f6l wahrzunehmen. Als alter Ostauto-Bastler vergi\u00dft man n\u00e4mlich diesen Geruch nie. \ud83d\ude09<br \/>\nEs stellte sich heraus, da\u00df die Einsatzkr\u00e4fte exakt wegen dieses \u00d6lteppichs kamen. Ich konnte ihnen sogar noch helfen durch die Mitteilung, da\u00df wir das \u00d6l schon etwa 200 Meter vor dem Hafen bemerkt haben. Bis dahin dachte man, da\u00df die Quelle dort zu suchen sei, aber der Wind kam ja landw\u00e4rts.<\/p>\n<p>Ein Gl\u00fcck, da\u00df so ein alter Seeb\u00e4r zur Stelle war!<\/p>\n","protected":false},"excerpt":{"rendered":"<p>Wer mich in dieser Woche noch nicht auf Dresdens Stra\u00dfen gesehen hat, mu\u00df sich keine Gedanken machen, denn dort bin ich tats\u00e4chlich nicht. Ich kann zwar nicht in den Urlaub fliegen, wie es so mancher schafft, der seinen Angaben zufolge &hellip; <a href=\"http:\/\/www.taxiblog-dresden.de\/?p=2304\">Weiterlesen <span class=\"meta-nav\">&rarr;<\/span><\/a><\/p>\n","protected":false},"author":3,"featured_media":0,"comment_status":"open","ping_status":"open","sticky":false,"template":"","format":"standard","meta":{"footnotes":""},"categories":[1,37,19,8,9],"tags":[393,394,39,115],"class_list":["post-2304","post","type-post","status-publish","format-standard","hentry","category-allgemein","category-natur","category-privat","category-regionales-und-lokales","category-verkehr","tag-mecklenburg-vorpommern","tag-motorjacht","tag-urlaub","tag-wetter"],"_links":{"self":[{"href":"http:\/\/www.taxiblog-dresden.de\/index.php?rest_route=\/wp\/v2\/posts\/2304","targetHints":{"allow":["GET"]}}],"collection":[{"href":"http:\/\/www.taxiblog-dresden.de\/index.php?rest_route=\/wp\/v2\/posts"}],"about":[{"href":"http:\/\/www.taxiblog-dresden.de\/index.php?rest_route=\/wp\/v2\/types\/post"}],"author":[{"embeddable":true,"href":"http:\/\/www.taxiblog-dresden.de\/index.php?rest_route=\/wp\/v2\/users\/3"}],"replies":[{"embeddable":true,"href":"http:\/\/www.taxiblog-dresden.de\/index.php?rest_route=%2Fwp%2Fv2%2Fcomments&post=2304"}],"version-history":[{"count":1,"href":"http:\/\/www.taxiblog-dresden.de\/index.php?rest_route=\/wp\/v2\/posts\/2304\/revisions"}],"predecessor-version":[{"id":2305,"href":"http:\/\/www.taxiblog-dresden.de\/index.php?rest_route=\/wp\/v2\/posts\/2304\/revisions\/2305"}],"wp:attachment":[{"href":"http:\/\/www.taxiblog-dresden.de\/index.php?rest_route=%2Fwp%2Fv2%2Fmedia&parent=2304"}],"wp:term":[{"taxonomy":"category","embeddable":true,"href":"http:\/\/www.taxiblog-dresden.de\/index.php?rest_route=%2Fwp%2Fv2%2Fcategories&post=2304"},{"taxonomy":"post_tag","embeddable":true,"href":"http:\/\/www.taxiblog-dresden.de\/index.php?rest_route=%2Fwp%2Fv2%2Ftags&post=2304"}],"curies":[{"name":"wp","href":"https:\/\/api.w.org\/{rel}","templated":true}]}}