{"id":2350,"date":"2014-07-10T23:05:00","date_gmt":"2014-07-10T21:05:00","guid":{"rendered":"http:\/\/www.taxiblog-dresden.de\/?p=2350"},"modified":"2014-07-10T23:05:47","modified_gmt":"2014-07-10T21:05:47","slug":"asoziale-unter-sich","status":"publish","type":"post","link":"http:\/\/www.taxiblog-dresden.de\/?p=2350","title":{"rendered":"Asoziale unter sich"},"content":{"rendered":"<p>Gerade eben wollte ich an der Matratze horchen gehen und nur noch mal schnell bei ARD reinschauen, als pl\u00f6tzlich meine M\u00fcdigkeit verflog. Grund war ein Filmbeitrag aus Leipzig. Es ging hierin um einen Jungen \u00b4aus gutem Hause\u00b4, der wegen \u00dcberf\u00fcllung des n\u00e4chstgelegenen Gymnasiums in ein weiter entferntes, laut Text in einem alten Arbeitergebiet gelegenes umgeschult werden soll. Den Jungen interviewte man auch h\u00f6chstselbst, weil ja Sch\u00fcler aus gutem Hause weit intelligenter sind als Erwachsene aus Arbeitergebieten&#8230;\u00a0 Er meinte, ein bi\u00dfchen fahren bis zur Schule ist ja nicht schlimm, aber es m\u00fc\u00dfte doch nicht in so ein &#8222;Assigebiet&#8220; sein! Was meint er nur damit?! &#8211; Nun ja, &#8222;Assi&#8220; ist die landl\u00e4ufige Kurzbezeichnung f\u00fcr &#8222;Asozialer&#8220;. Was also ist ein Asozialer? Entsprechend der Herleitung des Wortes bedeutet &#8222;asozial&#8220; soviel wie &#8222;nicht gemeinschaftsf\u00e4hig&#8220;. Nicht gemeinschaftsf\u00e4hig ist z.B. jemand, der mit jemand anderem aus irgendwelchen Gr\u00fcnden nicht zusammenleben kann oder will. Dies ist offensichtlich bei dem gesehenen Jungen der Fall, denn er will partout nicht in eine Schule in diesem Gebiet.<\/p>\n<p>Warum also will ein &#8222;Assi&#8220; nicht zusammen mit anderen &#8222;Assis&#8220; lernen?!<\/p>\n","protected":false},"excerpt":{"rendered":"<p>Gerade eben wollte ich an der Matratze horchen gehen und nur noch mal schnell bei ARD reinschauen, als pl\u00f6tzlich meine M\u00fcdigkeit verflog. Grund war ein Filmbeitrag aus Leipzig. Es ging hierin um einen Jungen \u00b4aus gutem Hause\u00b4, der wegen \u00dcberf\u00fcllung &hellip; <a href=\"http:\/\/www.taxiblog-dresden.de\/?p=2350\">Weiterlesen <span class=\"meta-nav\">&rarr;<\/span><\/a><\/p>\n","protected":false},"author":3,"featured_media":0,"comment_status":"open","ping_status":"open","sticky":false,"template":"","format":"standard","meta":{"footnotes":""},"categories":[157,19,8,324],"tags":[400,399],"class_list":["post-2350","post","type-post","status-publish","format-standard","hentry","category-ethik","category-privat","category-regionales-und-lokales","category-sprache","tag-eingebildet","tag-snobs"],"_links":{"self":[{"href":"http:\/\/www.taxiblog-dresden.de\/index.php?rest_route=\/wp\/v2\/posts\/2350","targetHints":{"allow":["GET"]}}],"collection":[{"href":"http:\/\/www.taxiblog-dresden.de\/index.php?rest_route=\/wp\/v2\/posts"}],"about":[{"href":"http:\/\/www.taxiblog-dresden.de\/index.php?rest_route=\/wp\/v2\/types\/post"}],"author":[{"embeddable":true,"href":"http:\/\/www.taxiblog-dresden.de\/index.php?rest_route=\/wp\/v2\/users\/3"}],"replies":[{"embeddable":true,"href":"http:\/\/www.taxiblog-dresden.de\/index.php?rest_route=%2Fwp%2Fv2%2Fcomments&post=2350"}],"version-history":[{"count":2,"href":"http:\/\/www.taxiblog-dresden.de\/index.php?rest_route=\/wp\/v2\/posts\/2350\/revisions"}],"predecessor-version":[{"id":2352,"href":"http:\/\/www.taxiblog-dresden.de\/index.php?rest_route=\/wp\/v2\/posts\/2350\/revisions\/2352"}],"wp:attachment":[{"href":"http:\/\/www.taxiblog-dresden.de\/index.php?rest_route=%2Fwp%2Fv2%2Fmedia&parent=2350"}],"wp:term":[{"taxonomy":"category","embeddable":true,"href":"http:\/\/www.taxiblog-dresden.de\/index.php?rest_route=%2Fwp%2Fv2%2Fcategories&post=2350"},{"taxonomy":"post_tag","embeddable":true,"href":"http:\/\/www.taxiblog-dresden.de\/index.php?rest_route=%2Fwp%2Fv2%2Ftags&post=2350"}],"curies":[{"name":"wp","href":"https:\/\/api.w.org\/{rel}","templated":true}]}}