{"id":2976,"date":"2015-08-10T19:46:21","date_gmt":"2015-08-10T17:46:21","guid":{"rendered":"http:\/\/www.taxiblog-dresden.de\/?p=2976"},"modified":"2015-08-10T19:46:21","modified_gmt":"2015-08-10T17:46:21","slug":"cheat-against-heat","status":"publish","type":"post","link":"http:\/\/www.taxiblog-dresden.de\/?p=2976","title":{"rendered":"Cheat against heat"},"content":{"rendered":"<p>Wenn man vor lauter Hitze nachts nicht schlafen kann, dann mu\u00df man sich f\u00fcr die Arbeit des n\u00e4chsten Tages halt etwas einfallen lassen. Man kann z.B. den Beginn ca. 2 h nach hinten schieben, um den Verlust an Schlafqualit\u00e4t auszugleichen. Fraglich ist allerdings, ob man nach 10h, die man nicht schlafen konnte besser drauf ist, als wenn man 8h nicht schlafen konnte. Sei es, wie es sei: Ich habe es jedenfalls praktiziert und bin statt 6 Uhr erst um8 Uhr aufgestanden und schlie\u00dflich um 9 Uhr in\u00b4s Rennen gegangen. Normalerweise ist das noch eine gute Zeit, um bis max. 20 Uhr die 200er Marke zu brechen. Wenn man dann aber den Funk anschaltet und das Ger\u00e4t zeigt einem nichts als die lange Nase, l\u00e4uft die Sache aus dem Ruder!<br \/>\nDie Krux war, da\u00df bei der Telekom gerade ein Problem anstand, welches wahrscheinlich durch Servicearbeiten hervorgerufen wurde. Ich kam also nicht rein in die Vermittlung, das hei\u00dft, da\u00df ich als Taxifahrer blind wie ein Maulwurf bin! Erst um ca. 11:15 Uhr hatte ich endlich\u00a0 eine Verbindung zur Vermittlung&#8230; Und schon ging\u00b4s los: Schnell zum Adler gefahren und eine Dialyse f\u00fcr 6,20 \u20ac abgefa\u00dft&#8230;Ja! Dann runter zur Uni f\u00fcr eine Sahnetour von der Strahle zur Prellerstra\u00dfe&#8230; Na ja gut, anschlie\u00dfend kam eine Fahrt f\u00fcr den dreifachen Preis, aber was blieb war die Gewi\u00dfheit: Dieser Tag war f\u00fcr den A&#8230;!<br \/>\nUnd so beschlo\u00df ich, den Arbeitstag zu betr\u00fcgen! \ud83d\ude09 Er glaubte, er k\u00f6nne mich noch eine Weile nerven, aber ich habe ihm den Saft abgedreht!<\/p>\n<p>Der Film dieser Woche endete fr\u00fchzeitig mit Kurs Stephensonstra\u00dfe und Klappe, die erste!<\/p>\n","protected":false},"excerpt":{"rendered":"<p>Wenn man vor lauter Hitze nachts nicht schlafen kann, dann mu\u00df man sich f\u00fcr die Arbeit des n\u00e4chsten Tages halt etwas einfallen lassen. Man kann z.B. den Beginn ca. 2 h nach hinten schieben, um den Verlust an Schlafqualit\u00e4t auszugleichen. &hellip; <a href=\"http:\/\/www.taxiblog-dresden.de\/?p=2976\">Weiterlesen <span class=\"meta-nav\">&rarr;<\/span><\/a><\/p>\n","protected":false},"author":3,"featured_media":0,"comment_status":"open","ping_status":"open","sticky":false,"template":"","format":"standard","meta":{"footnotes":""},"categories":[3],"tags":[375,201],"class_list":["post-2976","post","type-post","status-publish","format-standard","hentry","category-taxi","tag-fehlerteufel","tag-funk"],"_links":{"self":[{"href":"http:\/\/www.taxiblog-dresden.de\/index.php?rest_route=\/wp\/v2\/posts\/2976","targetHints":{"allow":["GET"]}}],"collection":[{"href":"http:\/\/www.taxiblog-dresden.de\/index.php?rest_route=\/wp\/v2\/posts"}],"about":[{"href":"http:\/\/www.taxiblog-dresden.de\/index.php?rest_route=\/wp\/v2\/types\/post"}],"author":[{"embeddable":true,"href":"http:\/\/www.taxiblog-dresden.de\/index.php?rest_route=\/wp\/v2\/users\/3"}],"replies":[{"embeddable":true,"href":"http:\/\/www.taxiblog-dresden.de\/index.php?rest_route=%2Fwp%2Fv2%2Fcomments&post=2976"}],"version-history":[{"count":1,"href":"http:\/\/www.taxiblog-dresden.de\/index.php?rest_route=\/wp\/v2\/posts\/2976\/revisions"}],"predecessor-version":[{"id":2977,"href":"http:\/\/www.taxiblog-dresden.de\/index.php?rest_route=\/wp\/v2\/posts\/2976\/revisions\/2977"}],"wp:attachment":[{"href":"http:\/\/www.taxiblog-dresden.de\/index.php?rest_route=%2Fwp%2Fv2%2Fmedia&parent=2976"}],"wp:term":[{"taxonomy":"category","embeddable":true,"href":"http:\/\/www.taxiblog-dresden.de\/index.php?rest_route=%2Fwp%2Fv2%2Fcategories&post=2976"},{"taxonomy":"post_tag","embeddable":true,"href":"http:\/\/www.taxiblog-dresden.de\/index.php?rest_route=%2Fwp%2Fv2%2Ftags&post=2976"}],"curies":[{"name":"wp","href":"https:\/\/api.w.org\/{rel}","templated":true}]}}