{"id":468,"date":"2010-10-13T21:40:59","date_gmt":"2010-10-13T19:40:59","guid":{"rendered":"http:\/\/www.taxiblog-dresden.de\/?p=468"},"modified":"2010-10-17T13:57:12","modified_gmt":"2010-10-17T11:57:12","slug":"volle-kraft-zuruck-2","status":"publish","type":"post","link":"http:\/\/www.taxiblog-dresden.de\/?p=468","title":{"rendered":"Volle Kraft zur\u00fcck!"},"content":{"rendered":"<p>Na gut, ganz so schlimm ist es nicht, ich mu\u00df nur etwas zur\u00fcckrudern. Es geht dabei um meinen Artikel <a href=\"http:\/\/www.taxiblog-dresden.de\/?p=324\" target=\"_blank\">&#8222;Das Jahr des Schwans&#8220;<\/a>. Ich hatte dort im Nachsatz die Mineralienausstellung der TU Freiberg &#8222;Terra Mineralia&#8220; beworben. F\u00fcr die fachliche Seite der Ausstellung gilt das nach wie vor, allerdings mu\u00df ich nunmehr Abstriche bei der Besucherfreundlichkeit machen.<br \/>\nDas hat folgenden Grund: Nach Erwerb der Eintrittskarten wurden wir darauf hingewiesen, da\u00df wir die Tasche meiner Tochter vor Beginn des Rundgangs im Schlie\u00dffach verstauen m\u00fcssen, da diese eine definierte Gr\u00f6\u00dfe \u00fcberstieg. Soweit ist ja noch alles in Ordnung, aber was ist, wenn alle Schlie\u00dff\u00e4cher besetzt sind? Wir wandten uns deshalb an das Einla\u00dfpersonal, wo wir den Rat bekamen, alles Wertvolle zu entnehmen und die Tasche dann im Eingangsbereich abzulegen. Das geht nat\u00fcrlich gar nicht und auch die Idee, die Tasche im Auto zu lassen griff nicht, denn dieses stand ein ganzes St\u00fcck entfernt auf dem Marktplatz. Daraufhin rief man uns die Chefin (des Besucherdienstes?), die die Angelegenheit kl\u00e4ren sollte. Hier waren wir aber scheinbar an die vollkommen falsche Person geraten, denn von Verst\u00e4ndnis f\u00fcr die Situation keine Spur! Wir wurden regelrecht abgeb\u00fcgelt.<br \/>\nStellen wir uns die Situation doch mal rechtlich vor: Eine Institution f\u00fchrt in ihrem Hause aufgrund ihres Hausrechtes gewisse Regeln ein, die die Besucher zu beachten haben. Wenn diese das dann tun wollen, ist die Institution aber nicht in der Lage, dies zu gew\u00e4hrleisten. Da gibt es doch nur zwei M\u00f6glichkeiten, entweder man l\u00f6st das Aufbewahrungsproblem irgendwie anders oder setzt in diesem Fall einmal die Aufbewahrungsregel au\u00dferkraft. So schwer kann das doch nicht sein.<br \/>\nNichts in dieser Hinsicht geschah allerdings. Etwa 10 Minuten, nachdem sich die Dame mit dem Hinweis auf einen &#8222;wichtigeren&#8220; Termin aus dem Staub machte, l\u00f6ste sich das Problem durch Freiwerden eines Schlie\u00dffaches. Nicht umsonst hatte ich w\u00e4hrend des Disputs der Dame mit meiner Frau den Garderobenraum bewacht und konnte somit das Fach sofort okkupieren.<\/p>\n<p>Aber der Besuch in Freiberg ging doch noch freundlich zu Ende, denn wo waren wir wohl nach dem Besuch der Ausstellung &#8211; Na klar, im <a href=\"http:\/\/www.schwanenschloesschen.de\/\" target=\"_blank\">Schwanenschl\u00f6\u00dfchen<\/a>!<\/p>\n","protected":false},"excerpt":{"rendered":"<p>Na gut, ganz so schlimm ist es nicht, ich mu\u00df nur etwas zur\u00fcckrudern. Es geht dabei um meinen Artikel &#8222;Das Jahr des Schwans&#8220;. Ich hatte dort im Nachsatz die Mineralienausstellung der TU Freiberg &#8222;Terra Mineralia&#8220; beworben. F\u00fcr die fachliche Seite &hellip; <a href=\"http:\/\/www.taxiblog-dresden.de\/?p=468\">Weiterlesen <span class=\"meta-nav\">&rarr;<\/span><\/a><\/p>\n","protected":false},"author":3,"featured_media":0,"comment_status":"open","ping_status":"open","sticky":false,"template":"","format":"standard","meta":{"footnotes":""},"categories":[1,4,19,8],"tags":[102,101],"class_list":["post-468","post","type-post","status-publish","format-standard","hentry","category-allgemein","category-kultur","category-privat","category-regionales-und-lokales","tag-ausflug","tag-schnepfe"],"_links":{"self":[{"href":"http:\/\/www.taxiblog-dresden.de\/index.php?rest_route=\/wp\/v2\/posts\/468","targetHints":{"allow":["GET"]}}],"collection":[{"href":"http:\/\/www.taxiblog-dresden.de\/index.php?rest_route=\/wp\/v2\/posts"}],"about":[{"href":"http:\/\/www.taxiblog-dresden.de\/index.php?rest_route=\/wp\/v2\/types\/post"}],"author":[{"embeddable":true,"href":"http:\/\/www.taxiblog-dresden.de\/index.php?rest_route=\/wp\/v2\/users\/3"}],"replies":[{"embeddable":true,"href":"http:\/\/www.taxiblog-dresden.de\/index.php?rest_route=%2Fwp%2Fv2%2Fcomments&post=468"}],"version-history":[{"count":6,"href":"http:\/\/www.taxiblog-dresden.de\/index.php?rest_route=\/wp\/v2\/posts\/468\/revisions"}],"predecessor-version":[{"id":486,"href":"http:\/\/www.taxiblog-dresden.de\/index.php?rest_route=\/wp\/v2\/posts\/468\/revisions\/486"}],"wp:attachment":[{"href":"http:\/\/www.taxiblog-dresden.de\/index.php?rest_route=%2Fwp%2Fv2%2Fmedia&parent=468"}],"wp:term":[{"taxonomy":"category","embeddable":true,"href":"http:\/\/www.taxiblog-dresden.de\/index.php?rest_route=%2Fwp%2Fv2%2Fcategories&post=468"},{"taxonomy":"post_tag","embeddable":true,"href":"http:\/\/www.taxiblog-dresden.de\/index.php?rest_route=%2Fwp%2Fv2%2Ftags&post=468"}],"curies":[{"name":"wp","href":"https:\/\/api.w.org\/{rel}","templated":true}]}}